{"id":35591,"date":"2023-06-03T10:00:37","date_gmt":"2023-06-03T08:00:37","guid":{"rendered":"https:\/\/www.lh-lf.com\/?p=35591"},"modified":"2023-05-26T10:42:03","modified_gmt":"2023-05-26T08:42:03","slug":"arret-du-tribunal-cjue-1er-mars-2023-t-324-21-harley-davidson","status":"publish","type":"post","link":"https:\/\/www.lh-lf.com\/en\/arret-du-tribunal-cjue-1er-mars-2023-t-324-21-harley-davidson\/","title":{"rendered":"Arr\u00eat du Tribunal, CJUE, 1er mars 2023, T-324\/21 : Harley Davidson"},"content":{"rendered":"<p>\u26a1\ufe0fNouvel \u00e9pisode de notre rendez-vous r\u00e9gulier pour d\u00e9crypter SIMPLEMENT une d\u00e9cision de jurisprudence douani\u00e8re r\u00e9cente\ud83d\udcdd<\/p>\n<p>Arr\u00eat du Tribunal, CJUE, 1er mars 2023, T-324\/21\u00a0:\u00a0Harley Davidson\u00a0\ud83c\udfcd<\/p>\n<p>\u25b6\ufe0fLe pitch\u00a0\ud83d\udcdd\u00a0:<br \/>\nEn guise de riposte \u00e0 la politique commerciale men\u00e9e par les Etats-Unis sous la pr\u00e9sidence Trump, l\u2019UE a rehauss\u00e9 les droits de douane sur les importations issues de l\u2019industrie automobile am\u00e9ricaine en 2018\u00a0\ud83c\udfaf<\/p>\n<p>En r\u00e9action \u00e0 cette mesure, l\u2019entreprise a d\u00e9localis\u00e9 une partie de sa production en Tha\u00eflande\u00a0\ud83c\uddf9\ud83c\udded\u00a0pour ne pas \u00eatre soumise \u00e0 cette hausse de droits de douane \u00e0 l\u2019importation dans l\u2019Union\u00a0\ud83c\uddea\ud83c\uddfa<br \/>\nAfin de garantir l\u2019origine non-pr\u00e9f\u00e9rentielle tha\u00eflandaise de ses motos destin\u00e9es au march\u00e9 europ\u00e9en,\u00a0la soci\u00e9t\u00e9\u00a0a sollicit\u00e9 l\u2019octroi de renseignements contraignants sur l\u2019origine (RCO) aupr\u00e8s des douanes\u00a0\u2713<\/p>\n<p>\u25b6\ufe0fLe droit\u00a0\ud83d\udcd5<br \/>\nLe RCO constitue un outil de s\u00e9curisation de l\u2019origine pour les op\u00e9rateurs car la douane\u00a0\ud83d\udec3\u00a0audit et confirme l\u2019origine des produits, ce qui permet de s\u2019assurer du tarif et des mesures de politique commerciale applicables \u00e0 l\u2019importation<\/p>\n<p>Lorsqu\u2019une marchandise est fabriqu\u00e9e dans plusieurs pays, elle acquiert l\u2019origine du pays dans lequel elle a subi\u00a0:<br \/>\n&#8211; sa derni\u00e8re transformation\u00a0ou ouvraison\u00a0substantielle\u00a0\ud83c\udfed, (et)<br \/>\n&#8211;\u00a0\u00e9conomiquement justifi\u00e9e\u00a0\ud83d\udcb0, (et)<br \/>\n&#8211; effectu\u00e9e dans une entreprise\u00a0\u00e9quip\u00e9e\u00a0\u00e0 cet effet\u00a0\u2713, (et)<br \/>\n&#8211; ayant abouti \u00e0 la fabrication d\u2019un produit nouveau ou correspondant \u00e0 un stade de fabrication important\u00a0\ud83c\udd95<\/p>\n<p>\u25b6\ufe0fLes apports\u00a0\ud83d\ude47\u200d\u2640\ufe0f<br \/>\nDans cet arr\u00eat, le Tribunal rappelle qu\u2019une ouvraison qui intervient dans l\u2019objectif \u00ab\u00a0principal\u00a0\u00bb d\u2019\u00e9viter l\u2019application des sur taxations n\u2019est pas \u00e9conomiquement justifi\u00e9e\ud83d\ude40<br \/>\nEn l\u2019esp\u00e8ce, la transformation en Tha\u00eflande n\u2019\u00e9tait donc pas \u00e9conomiquement justifi\u00e9e\u00a0\ud83d\udc4e\ud83c\udffb, les RCO d\u00e9livr\u00e9s par l&rsquo;administration sont annul\u00e9s avec effet r\u00e9troactif\ud83d\udea8et les biens sont donc potentiellement soumis \u00e0 sur taxation \ud83d\ude2b<\/p>\n<p>Avant de prendre des d\u00e9cisions strat\u00e9giques et structurantes, et surtout avant d&rsquo;aller voir l&rsquo;administration, il faut faire une analyse pr\u00e9alable s\u00e9rieuse\u00a0\ud83d\udcaa\u00a0pour \u00e9viter les abus de droits ou les remises en cause comme dans l\u2019arr\u00eat en question : venez nous voir\u00a0\ud83e\udd1d<\/p>","protected":false},"excerpt":{"rendered":"<p>\u26a1\ufe0fNouvel \u00e9pisode de notre rendez-vous r\u00e9gulier pour d\u00e9crypter SIMPLEMENT une d\u00e9cision de jurisprudence douani\u00e8re r\u00e9cente\ud83d\udcdd Arr\u00eat du Tribunal, CJUE, 1er mars 2023, T-324\/21\u00a0:\u00a0Harley Davidson\u00a0\ud83c\udfcd \u25b6\ufe0fLe pitch\u00a0\ud83d\udcdd\u00a0: En guise de riposte \u00e0 la politique commerciale men\u00e9e par les Etats-Unis sous la pr\u00e9sidence Trump, l\u2019UE a rehauss\u00e9 les droits de douane sur les importations issues de l\u2019industrie [&hellip;]<\/p>\n","protected":false},"author":3,"featured_media":35594,"comment_status":"closed","ping_status":"closed","sticky":false,"template":"","format":"standard","meta":{"_seopress_robots_primary_cat":"none","_seopress_titles_title":"","_seopress_titles_desc":"","_seopress_robots_index":"","footnotes":""},"categories":[58],"tags":[],"class_list":["post-35591","post","type-post","status-publish","format-standard","has-post-thumbnail","hentry","category-douanes"],"_links":{"self":[{"href":"https:\/\/www.lh-lf.com\/en\/wp-json\/wp\/v2\/posts\/35591","targetHints":{"allow":["GET"]}}],"collection":[{"href":"https:\/\/www.lh-lf.com\/en\/wp-json\/wp\/v2\/posts"}],"about":[{"href":"https:\/\/www.lh-lf.com\/en\/wp-json\/wp\/v2\/types\/post"}],"author":[{"embeddable":true,"href":"https:\/\/www.lh-lf.com\/en\/wp-json\/wp\/v2\/users\/3"}],"replies":[{"embeddable":true,"href":"https:\/\/www.lh-lf.com\/en\/wp-json\/wp\/v2\/comments?post=35591"}],"version-history":[{"count":0,"href":"https:\/\/www.lh-lf.com\/en\/wp-json\/wp\/v2\/posts\/35591\/revisions"}],"wp:featuredmedia":[{"embeddable":true,"href":"https:\/\/www.lh-lf.com\/en\/wp-json\/wp\/v2\/media\/35594"}],"wp:attachment":[{"href":"https:\/\/www.lh-lf.com\/en\/wp-json\/wp\/v2\/media?parent=35591"}],"wp:term":[{"taxonomy":"category","embeddable":true,"href":"https:\/\/www.lh-lf.com\/en\/wp-json\/wp\/v2\/categories?post=35591"},{"taxonomy":"post_tag","embeddable":true,"href":"https:\/\/www.lh-lf.com\/en\/wp-json\/wp\/v2\/tags?post=35591"}],"curies":[{"name":"wp","href":"https:\/\/api.w.org\/{rel}","templated":true}]}}