{"id":31908,"date":"2022-06-26T16:41:48","date_gmt":"2022-06-26T14:41:48","guid":{"rendered":"https:\/\/www.lh-lf.com\/?p=31908"},"modified":"2022-11-09T12:27:54","modified_gmt":"2022-11-09T11:27:54","slug":"gonfles-a-bloc-task-force","status":"publish","type":"post","link":"https:\/\/www.lh-lf.com\/en\/gonfles-a-bloc-task-force\/","title":{"rendered":"Gonfl\u00e9s \u00e0 bloc : Task Force"},"content":{"rendered":"<p>La semaine derni\u00e8re, <a href=\"https:\/\/www.linkedin.com\/in\/ACoAABFzd8cB0oRn6zmMOxodqyNCARkYrzvz9HI\" data-attribute-index=\"0\" data-entity-hovercard-id=\"urn:li:fs_miniProfile:ACoAABFzd8cB0oRn6zmMOxodqyNCARkYrzvz9HI\" data-entity-type=\"MINI_PROFILE\">Stanislas Roquebert<\/a>\u00a0et\u00a0<a href=\"https:\/\/www.linkedin.com\/in\/ACoAAAxGj_QBECC2OmIZL7pivVUAXvG0EYNUTjg\" data-attribute-index=\"2\" data-entity-hovercard-id=\"urn:li:fs_miniProfile:ACoAAAxGj_QBECC2OmIZL7pivVUAXvG0EYNUTjg\" data-entity-type=\"MINI_PROFILE\">Tiphaine BERNARD<\/a>\u00a0ont particip\u00e9 \u00e0 une nouvelle Task Force de l\u2019<a href=\"https:\/\/www.linkedin.com\/company\/eacc-auvergne-rhone-alps\/\" data-attribute-index=\"4\" data-entity-hovercard-id=\"urn:li:fs_miniCompany:3134515\" data-entity-type=\"MINI_COMPANY\">European American Chamber of Commerce &#8211; Auvergne-Rhone-Alps<\/a>\u00a0qui s\u2019est tenue \u00e0 Lyon chez\u00a0<a href=\"https:\/\/www.linkedin.com\/company\/michelin-connected-fleet-global\/\" data-attribute-index=\"6\" data-entity-hovercard-id=\"urn:li:fs_miniCompany:1162210\" data-entity-type=\"MINI_COMPANY\">MICHELIN Connected Fleet<\/a>.<\/p>\n<p>\ud83d\udca1\u00a0Tr\u00e8s instructive, cette Task Force nous a permis\u00a0de partager notre exp\u00e9rience sur\u00a0l\u2019automatisation et la digitalisation de la gestion douani\u00e8re gr\u00e2ce \u00e0 l&rsquo;excellente pr\u00e9sentation de\u00a0<a href=\"https:\/\/www.linkedin.com\/in\/ACoAAAQ4BRkB2OBvuNarJGcC5qH2Ik4jXN-fI8c\" data-attribute-index=\"8\" data-entity-hovercard-id=\"urn:li:fs_miniProfile:ACoAAAQ4BRkB2OBvuNarJGcC5qH2Ik4jXN-fI8c\" data-entity-type=\"MINI_PROFILE\">Maeva Paqueriaud<\/a>\u00a0&amp;\u00a0<a href=\"https:\/\/www.linkedin.com\/in\/ACoAACBvFKMBEWHKCaiG6G4yk1PJOZH4e61gsks\" data-attribute-index=\"10\" data-entity-hovercard-id=\"urn:li:fs_miniProfile:ACoAACBvFKMBEWHKCaiG6G4yk1PJOZH4e61gsks\" data-entity-type=\"MINI_PROFILE\">Celine Oscul<\/a>\u00a0et d\u2019\u00e9voquer les possibilit\u00e9s de d\u00e9carbonation de la Supply chain avec\u00a0<a href=\"https:\/\/www.linkedin.com\/in\/ACoAAAQnj2cBvhIq-pXRZc13ZcsbeJkyzxQoZNc\" data-attribute-index=\"12\" data-entity-hovercard-id=\"urn:li:fs_miniProfile:ACoAAAQnj2cBvhIq-pXRZc13ZcsbeJkyzxQoZNc\" data-entity-type=\"MINI_PROFILE\">David Canard-Volland<\/a><\/p>\n<p>Ces r\u00e9unions de partage sont toujours l&rsquo;occasion de partager des bonnes pratiques et des perspectives.<\/p>\n<p>RDV le 4 juillet pour la prochaine Task Force \u00e0 Grenoble\u00a0!<\/p>","protected":false},"excerpt":{"rendered":"<p>La semaine derni\u00e8re, Stanislas Roquebert\u00a0et\u00a0Tiphaine BERNARD\u00a0ont particip\u00e9 \u00e0 une nouvelle Task Force de l\u2019European American Chamber of Commerce &#8211; Auvergne-Rhone-Alps\u00a0qui s\u2019est tenue \u00e0 Lyon chez\u00a0MICHELIN Connected Fleet. \ud83d\udca1\u00a0Tr\u00e8s instructive, cette Task Force nous a permis\u00a0de partager notre exp\u00e9rience sur\u00a0l\u2019automatisation et la digitalisation de la gestion douani\u00e8re gr\u00e2ce \u00e0 l&rsquo;excellente pr\u00e9sentation de\u00a0Maeva Paqueriaud\u00a0&amp;\u00a0Celine Oscul\u00a0et d\u2019\u00e9voquer les [&hellip;]<\/p>\n","protected":false},"author":8,"featured_media":9151,"comment_status":"open","ping_status":"open","sticky":false,"template":"","format":"standard","meta":{"_seopress_robots_primary_cat":"none","_seopress_titles_title":"%%post_title%% %%sep%% %%sitetitle%%","_seopress_titles_desc":"%%post_excerpt%%","_seopress_robots_index":"","footnotes":""},"categories":[12,11],"tags":[],"class_list":["post-31908","post","type-post","status-publish","format-standard","has-post-thumbnail","hentry","category-conference","category-vie-des-equipes"],"_links":{"self":[{"href":"https:\/\/www.lh-lf.com\/en\/wp-json\/wp\/v2\/posts\/31908","targetHints":{"allow":["GET"]}}],"collection":[{"href":"https:\/\/www.lh-lf.com\/en\/wp-json\/wp\/v2\/posts"}],"about":[{"href":"https:\/\/www.lh-lf.com\/en\/wp-json\/wp\/v2\/types\/post"}],"author":[{"embeddable":true,"href":"https:\/\/www.lh-lf.com\/en\/wp-json\/wp\/v2\/users\/8"}],"replies":[{"embeddable":true,"href":"https:\/\/www.lh-lf.com\/en\/wp-json\/wp\/v2\/comments?post=31908"}],"version-history":[{"count":0,"href":"https:\/\/www.lh-lf.com\/en\/wp-json\/wp\/v2\/posts\/31908\/revisions"}],"wp:featuredmedia":[{"embeddable":true,"href":"https:\/\/www.lh-lf.com\/en\/wp-json\/wp\/v2\/media\/9151"}],"wp:attachment":[{"href":"https:\/\/www.lh-lf.com\/en\/wp-json\/wp\/v2\/media?parent=31908"}],"wp:term":[{"taxonomy":"category","embeddable":true,"href":"https:\/\/www.lh-lf.com\/en\/wp-json\/wp\/v2\/categories?post=31908"},{"taxonomy":"post_tag","embeddable":true,"href":"https:\/\/www.lh-lf.com\/en\/wp-json\/wp\/v2\/tags?post=31908"}],"curies":[{"name":"wp","href":"https:\/\/api.w.org\/{rel}","templated":true}]}}