{"id":304,"date":"2012-01-26T17:05:45","date_gmt":"2012-01-26T16:05:45","guid":{"rendered":"https:\/\/www.lh-lf.com\/wordpress\/?p=304"},"modified":"2022-09-14T15:27:24","modified_gmt":"2022-09-14T13:27:24","slug":"qpc-et-fiscalite-en-droit-compare-franco-hispanique","status":"publish","type":"post","link":"https:\/\/www.lh-lf.com\/en\/qpc-et-fiscalite-en-droit-compare-franco-hispanique\/","title":{"rendered":"QPC et fiscalit\u00e9 en droit compar\u00e9 franco-hispanique"},"content":{"rendered":"<p>Depuis son entr\u00e9e en vigueur au 1er mars 2010, la QPC a ouvert des nouvelles perspectives en contentieux fiscal constitutionnel. L&rsquo;article de Victoria Alvarez-Le Mentec, paru en janvier 2012 dans la revue Cronicas Tributarias -\u00e9dit\u00e9e par le Minist\u00e8re des Finances espagnol-, dresse un \u00e9tat des lieux sur l&rsquo;utilisation de cette nouvelle voie de recours en droit fiscal. Il apporte \u00e9galement le retour d&rsquo;exp\u00e9rience des syst\u00e8mes qui connaissent le dispositif depuis des longues ann\u00e9es, comme l&rsquo;Espagne et l&rsquo;Argentine.<a href=\"http:\/\/generic-pills-online.com\/buy-Motilium-online\/\">motilium price<\/a><\/p>\n<p>Pour acc\u00e9der \u00e0 l&rsquo;abstract de l&rsquo;article, cliquez <a href=\"http:\/\/www.ief.es\/documentos\/recursos\/publicaciones\/revistas\/cron_trib\/141_Alvarez.pdf\" target=\"_blank\" rel=\"noopener\">ici<\/a>. Si vous souhaitez \u00eatre dirig\u00e9 vers le website de la revue Cronicas Tributarias, <a href=\"http:\/\/www.ief.es\/recursos\/publicaciones\/revistas\/CT_141.aspx\" target=\"_blank\" rel=\"noopener\">cliquez ici<\/a>.<\/p>\n<p>Le cabinet LightHouse LHLF accompagne d&rsquo;ores et d\u00e9j\u00e0 ses clients lorsqu&rsquo;ils sont amen\u00e9s \u00e0 contester des positions fiscales par la voie d&rsquo;une QPC.<\/p>","protected":false},"excerpt":{"rendered":"<p>Depuis son entr\u00e9e en vigueur au 1er mars 2010, la QPC a ouvert des nouvelles perspectives en contentieux fiscal constitutionnel. L&rsquo;article de Victoria Alvarez-Le Mentec, paru en janvier 2012 dans la revue Cronicas Tributarias -\u00e9dit\u00e9e par le Minist\u00e8re des Finances espagnol-, dresse un \u00e9tat des lieux sur l&rsquo;utilisation de cette nouvelle voie de recours en [&hellip;]<\/p>\n","protected":false},"author":6,"featured_media":0,"comment_status":"closed","ping_status":"closed","sticky":false,"template":"","format":"standard","meta":{"_seopress_robots_primary_cat":"","_seopress_titles_title":"","_seopress_titles_desc":"","_seopress_robots_index":"","footnotes":""},"categories":[1],"tags":[],"class_list":["post-304","post","type-post","status-publish","format-standard","hentry","category-non-classe"],"_links":{"self":[{"href":"https:\/\/www.lh-lf.com\/en\/wp-json\/wp\/v2\/posts\/304","targetHints":{"allow":["GET"]}}],"collection":[{"href":"https:\/\/www.lh-lf.com\/en\/wp-json\/wp\/v2\/posts"}],"about":[{"href":"https:\/\/www.lh-lf.com\/en\/wp-json\/wp\/v2\/types\/post"}],"author":[{"embeddable":true,"href":"https:\/\/www.lh-lf.com\/en\/wp-json\/wp\/v2\/users\/6"}],"replies":[{"embeddable":true,"href":"https:\/\/www.lh-lf.com\/en\/wp-json\/wp\/v2\/comments?post=304"}],"version-history":[{"count":0,"href":"https:\/\/www.lh-lf.com\/en\/wp-json\/wp\/v2\/posts\/304\/revisions"}],"wp:attachment":[{"href":"https:\/\/www.lh-lf.com\/en\/wp-json\/wp\/v2\/media?parent=304"}],"wp:term":[{"taxonomy":"category","embeddable":true,"href":"https:\/\/www.lh-lf.com\/en\/wp-json\/wp\/v2\/categories?post=304"},{"taxonomy":"post_tag","embeddable":true,"href":"https:\/\/www.lh-lf.com\/en\/wp-json\/wp\/v2\/tags?post=304"}],"curies":[{"name":"wp","href":"https:\/\/api.w.org\/{rel}","templated":true}]}}